{"id":12143,"date":"2025-04-08T23:31:16","date_gmt":"2025-04-08T21:31:16","guid":{"rendered":"https:\/\/www.presidentofgalaxy.com\/?p=12143"},"modified":"2026-04-04T05:57:11","modified_gmt":"2026-04-04T03:57:11","slug":"germanska-folkgrupper","status":"publish","type":"post","link":"https:\/\/www.presidentofgalaxy.com\/en\/germanska-folkgrupper\/","title":{"rendered":"Germanska folkgrupper och spridningen av de germanska spr\u00e5ken"},"content":{"rendered":"<p>Idag talas de germanska spr\u00e5ken, inklusive tyska, engelska, frisiska, nederl\u00e4ndska och de nordiska spr\u00e5ken, i stor utstr\u00e4ckning i nordv\u00e4stra Europa. Men viktiga aspekter kring hur denna spr\u00e5kgrupp anl\u00e4nde och utvecklades \u00e4r fortfarande omstridda. Genom att l\u00e4gga till 712 nya forntida m\u00e4nskliga genomer har studien identifierat en arkeologiskt sv\u00e5rf\u00e5ngad population som omkring 4 000 \u00e5r sedan tog sig in i Sverige fr\u00e5n \u00d6stersj\u00f6regionen. Dessa var b\u00e4rare av en blandning av \u00f6stbaltisk och \u00f6steuropeisk steppeh\u00e4rkomst.<\/p>\n\n\n\n<p>Dessa r\u00f6relser har direkta konsekvenser f\u00f6r flera lingvistiska hypoteser. Resultaten visar vilken kraft som finns i att kombinera genetik, historisk lingvistik och arkeologi f\u00f6r att skapa en integrerad modell f\u00f6r hur en spr\u00e5kgrupp uppstod, spreds och diversifierades.<\/p>\n\n\n\n<p><em>Observera att studien \u00e4r publicerad som preprint p\u00e5 bioRxiv och \u00e4nnu inte formellt peer review-granskad.<\/em><\/p>\n\n\n\n<hr class=\"wp-block-separator has-alpha-channel-opacity\"\/>\n\n\n\n<h2 class=\"wp-block-heading\"><strong>Tidslinjen<\/strong><\/h2>\n\n\n\n<p><strong>Ca 2000 f.Kr.:<\/strong> En tidigare arkeologiskt sv\u00e5rf\u00e5ngad population migrerar fr\u00e5n \u00d6stersj\u00f6regionen till Sverige. De sprider sig snabbt och deras spr\u00e5k f\u00f6rknippas med Palaeo-Germanic \u2014 en \u00e4ldre f\u00f6reg\u00e5ngare till de germanska spr\u00e5ken. Detta \u00e4r cirka 800 \u00e5r senare \u00e4n vad som traditionellt antagits f\u00f6r germanskans ankomst till Skandinavien.<\/p>\n\n\n\n<p><strong>Ca 1500 f.Kr.:<\/strong> Palaeo-Germanic \u00e4r nu utbrett i hela Skandinavien och sammanfaller med denna \u00f6stliga populations spridning under brons\u00e5ldern.<\/p>\n\n\n\n<p><strong>J\u00e4rn\u00e5ldern \u2014 ca 300\u2013400 e.Kr.:<\/strong> Urgermanskan b\u00f6rjar brytas upp i dialekter. En sydlig expansion sker fr\u00e5n s\u00f6dra Skandinavien in i omr\u00e5den som tidigare antas ha varit keltisktalande, s\u00e5som dagens Tyskland, Polen och Nederl\u00e4nderna. Detta kopplas till framv\u00e4xten av de v\u00e4stgermanska spr\u00e5ken.<\/p>\n\n\n\n<p><strong>Folkvandringstiden (375\u2013575 e.Kr.):<\/strong> Skandinavisk genetik sprids vidare genom v\u00e4stgermanska folkgrupper anglosaxarna till Storbritannien och langobarderna till s\u00f6dra Europa. Engelska uppst\u00e5r ur anglosaxarnas bos\u00e4ttning i Britannien efter romarnas tillbakadragande 410 e.Kr. Studien visar \u00e4ven en omfattande nordlig migration tillbaka till Danmark och s\u00f6dra Sverige, vilket genetiskt sett motsvarar historiska beskrivningar av danernas etablering  ett kontraintuitivt fynd som tyder p\u00e5 att danerna till stor del h\u00e4rstammar fr\u00e5n en befolkning s\u00f6derifr\u00e5n snarare \u00e4n att vara ursprungligen nordiska.<\/p>\n\n\n\n<p><strong>Ca 300\u2013600 e.Kr.:<\/strong> De tre germanska spr\u00e5kgrenarna tar form.<\/p>\n\n\n\n<hr class=\"wp-block-separator has-alpha-channel-opacity\"\/>\n\n\n\n<h2 class=\"wp-block-heading\"><strong>Spr\u00e5kgrenar<\/strong><\/h2>\n\n\n\n<p><strong>Nordgermanska<\/strong> \u2192 utvecklas fr\u00e5n fornnordiskan till moderna nordiska spr\u00e5k: svenska, norska, danska, isl\u00e4ndska, f\u00e4r\u00f6iska.<\/p>\n\n\n\n<p><strong>V\u00e4stgermanska<\/strong> \u2192 utvecklas till engelska, tyska och nederl\u00e4ndska. Spridningen s\u00f6derut under folkvandringstiden och anglosaxarnas migration till Britannien \u00e4r de viktigaste spridningsh\u00e4ndelserna.<\/p>\n\n\n\n<p><strong>\u00d6stgermanska<\/strong> \u2192 en numera utd\u00f6d gren som inkluderade gotiska, vandaliska och burgundiska. L\u00e4mnade inga levande arvtagare.<\/p>\n\n\n\n<hr class=\"wp-block-separator has-alpha-channel-opacity\"\/>\n\n\n\n<figure class=\"wp-block-image size-full\"><img fetchpriority=\"high\" decoding=\"async\" width=\"1024\" height=\"1024\" src=\"https:\/\/www.presidentofgalaxy.com\/wp-content\/uploads\/ChatGPT-Image-9-apr.-2025-00_34_54.png\" alt=\"\" class=\"wp-image-12159\" srcset=\"https:\/\/www.presidentofgalaxy.com\/wp-content\/uploads\/ChatGPT-Image-9-apr.-2025-00_34_54.png 1024w, https:\/\/www.presidentofgalaxy.com\/wp-content\/uploads\/ChatGPT-Image-9-apr.-2025-00_34_54-300x300.png 300w, https:\/\/www.presidentofgalaxy.com\/wp-content\/uploads\/ChatGPT-Image-9-apr.-2025-00_34_54-150x150.png 150w, https:\/\/www.presidentofgalaxy.com\/wp-content\/uploads\/ChatGPT-Image-9-apr.-2025-00_34_54-768x768.png 768w, https:\/\/www.presidentofgalaxy.com\/wp-content\/uploads\/ChatGPT-Image-9-apr.-2025-00_34_54-12x12.png 12w\" sizes=\"(max-width: 1024px) 100vw, 1024px\" \/><\/figure>\n\n\n\n<p><strong>Cirka 2000 f.Kr.: <\/strong>En tidigare ok\u00e4nd population migrerar fr\u00e5n Baltikumomr\u00e5det till Sverige. De sprider sig snabbt och deras spr\u00e5k f\u00f6rknippas med Palaeo-Germanic (\u00e4ldre f\u00f6reg\u00e5ngare till germanska spr\u00e5k).<\/p>\n\n\n\n<p><strong>Cirka 1500 f.Kr.: <\/strong>Palaeo-Germanic blir utbrett i hela Skandinavien. Denna \u00f6stliga population blir utbredd i hela Skandinavien, vilket sammanfaller med utbredningen av de paleogermanska spr\u00e5ken under brons\u00e5ldern.<br>Denna befolkning blev utbredd i hela Skandinavien, vilket sammanfaller med den samtidiga utbredningen av <strong>paleogermanska<\/strong>, brons\u00e5lderns f\u00f6reg\u00e5ngare till <strong>urgermanska<\/strong>. Dessa baltiska invandrare erbjuder d\u00e4rmed en ny m\u00f6jlig f\u00f6rklaring till hur de f\u00f6rsta germanska spr\u00e5ken kan ha n\u00e5tt Skandinavien, cirka 800 \u00e5r senare \u00e4n vad som traditionellt antagits.<\/p>\n\n\n\n<p><strong>J\u00e4rn\u00e5ldern: <\/strong>Utveckling fr\u00e5n paleogermanska till protogermanska<br>Cirka 350 e.Kr.: <br><br>Efter att <strong>urgermanskan<\/strong> b\u00f6rjade brytas upp finner studien en sydlig expansion fr\u00e5n s\u00f6dra Skandinavien in i omr\u00e5den som tidigare antas ha varit keltisktalande, s\u00e5som dagens Tyskland, Polen och Nederl\u00e4nderna.Proto-Germanic bryts upp i olika dialekter. Sydlig expansion fr\u00e5n s\u00f6dra Skandinavien in i tidigare keltisktalande omr\u00e5den. Folk fr\u00e5n s\u00f6dra Skandinavien sprider sig till dagens Tyskland, Polen och Nederl\u00e4nderna \u2192 kopplas till spridningen av West Germanic spr\u00e5k (t.ex. tidig engelska och tyska).<\/p>\n\n\n\n<p><strong>Folkvandringstiden <\/strong>( 375-575 e.Kr.): Vidare spridning av skandinavisk genetik genom v\u00e4stgermanska anglosaxare till Storbritannien och langobarder till s\u00f6dra Europa, samt en nordlig migration tillbaka till Danmark och s\u00f6dra Sverige (danernas etablering).  Under <strong>folkvandringstiden<\/strong> denna h\u00e4rkomst av v\u00e4stgermanska folkgrupper som <strong>anglosaxare<\/strong> i Storbritannien och <strong>lombarder<\/strong> i Sydeuropa. Vi ser \u00e4ven en omfattande nordlig migration in i Danmark och s\u00f6dra Sverige, vilket motsvarar historiska beskrivningar av <strong>danerna<\/strong> och expansionen av <strong>fornnordiskan<\/strong>.<\/p>\n\n\n\n<p><strong>300-600 e.Kr.: <\/strong>Utveckling av de germanska spr\u00e5kgrenarna: v\u00e4stgermanska, \u00f6stgermanska och nordgermanska.<\/p>\n\n\n\n<figure class=\"wp-block-image size-full\"><img decoding=\"async\" width=\"976\" height=\"934\" src=\"https:\/\/www.presidentofgalaxy.com\/wp-content\/uploads\/sprakgrenar.png\" alt=\"\" class=\"wp-image-12148\" srcset=\"https:\/\/www.presidentofgalaxy.com\/wp-content\/uploads\/sprakgrenar.png 976w, https:\/\/www.presidentofgalaxy.com\/wp-content\/uploads\/sprakgrenar-300x287.png 300w, https:\/\/www.presidentofgalaxy.com\/wp-content\/uploads\/sprakgrenar-150x144.png 150w, https:\/\/www.presidentofgalaxy.com\/wp-content\/uploads\/sprakgrenar-768x735.png 768w, https:\/\/www.presidentofgalaxy.com\/wp-content\/uploads\/sprakgrenar-13x12.png 13w\" sizes=\"(max-width: 976px) 100vw, 976px\" \/><\/figure>\n\n\n\n<h2 class=\"wp-block-heading\">Spr\u00e5kgrenar<\/h2>\n\n\n\n<p><strong>Spr\u00e5kgrenarna<\/strong><\/p>\n\n\n\n<ol class=\"wp-block-list\">\n<li><strong>Nord Germanisk<\/strong><br>\u2192 Representerar utvecklingen fr\u00e5n <strong>Old Norse<\/strong> till de <strong>moderna nordiska spr\u00e5ken<\/strong>:<ul><li class=\"\">Svenska (svenska)Norska (bokm\u00e5l och nynorska)DanskaIsl\u00e4ndskaF\u00e4r\u00f6iska<\/li><\/ul><br><strong>P\u00e5 bilden:<\/strong>\n<ul class=\"wp-block-list\">\n<li>North Germanic \u00e4r en <strong>egen f\u00f6rgrening<\/strong> som g\u00e5r <strong>upp\u00e5t<\/strong> eller <strong>norrut<\/strong> p\u00e5 tidslinjen fr\u00e5n Proto-Germanic.<\/li>\n\n\n\n<li>Markerad i en <strong>egen bl\u00e5 box<\/strong>.<\/li>\n\n\n\n<li>Pilar pekar fram\u00e5t f\u00f6r att visa vidare utveckling och expansion mot Norden.<\/li>\n<\/ul>\n<\/li>\n<\/ol>\n\n\n\n<hr class=\"wp-block-separator has-alpha-channel-opacity\"\/>\n\n\n\n<ol start=\"2\" class=\"wp-block-list\">\n<li><strong>V\u00e4st Germanisk<\/strong><br>\u2192 Utvecklas till dagens <strong>engelska, tyska och nederl\u00e4ndska<\/strong>:<ul><li class=\"\">Engelska (English)Tyska (Deutsch)Nederl\u00e4ndska (Nederlands)<\/li><\/ul><br><\/li>\n\n\n\n<li><strong>P\u00e5 bilden:<\/strong>\n<ul class=\"wp-block-list\">\n<li>West Germanic \u00e4r en <strong>separat f\u00f6rgrening<\/strong> som g\u00e5r <strong>s\u00f6derut\/v\u00e4sterut<\/strong> fr\u00e5n Proto-Germanic.<\/li>\n\n\n\n<li>Har ocks\u00e5 en <strong>bl\u00e5 box<\/strong> som etikett.<\/li>\n\n\n\n<li>Pilar visar folkf\u00f6rflyttningar och spridning s\u00f6derut mot Centraleuropa och senare till England (Migration Period \u2192 Anglo-Saxons).<\/li>\n<\/ul>\n<\/li>\n<\/ol>\n\n\n\n<hr class=\"wp-block-separator has-alpha-channel-opacity\"\/>\n\n\n\n<p>Det finns ingen vidare pilar efter ett tag \u2192 visar att spr\u00e5ket <strong>dog ut<\/strong>.<\/p>\n\n\n\n<p><strong>East Germanic<\/strong><br>\u2192 Den numera <strong>utd\u00f6da<\/strong> grenen som inkluderade:<ul><li class=\"\">Gotiska (Gothic)<\/li><li class=\"\">Vandalic (Vandalerna)<\/li><li class=\"\">Burgundiska<\/li><\/ul><strong>P\u00e5 bilden:<\/strong><\/p>\n\n\n\n<p>East Germanic \u00e4r en <strong>f\u00f6rgrening \u00e5t \u00f6ster<\/strong> fr\u00e5n Proto-Germanic.<\/p>\n\n\n\n<p>Visas som en <strong>mindre gren<\/strong> som inte har moderna spr\u00e5k.<\/p>\n\n\n\n<p><br><br>L\u00e4s studien<br><a href=\"https:\/\/www.biorxiv.org\/content\/10.1101\/2024.03.13.584607v1.full.pdf\">https:\/\/www.biorxiv.org\/content\/10.1101\/2024.03.13.584607v1.full.pdf<\/a><\/p>\n\n\n\n<p><\/p>","protected":false},"excerpt":{"rendered":"<p>Idag talas de germanska spr\u00e5ken, inklusive tyska, engelska, frisiska, nederl\u00e4ndska och de nordiska spr\u00e5ken, i stor utstr\u00e4ckning i nordv\u00e4stra Europa. Men viktiga aspekter kring hur denna spr\u00e5kgrupp anl\u00e4nde och utvecklades \u00e4r fortfarande omstridda. Genom att l\u00e4gga till 712 nya forntida m\u00e4nskliga genomer har studien identifierat en arkeologiskt sv\u00e5rf\u00e5ngad population som omkring 4 000 \u00e5r sedan<\/p>","protected":false},"author":38,"featured_media":12145,"comment_status":"open","ping_status":"open","sticky":false,"template":"","format":"standard","meta":{"_eb_attr":"","footnotes":""},"categories":[4,12],"tags":[],"class_list":{"0":"post-12143","1":"post","2":"type-post","3":"status-publish","4":"format-standard","5":"has-post-thumbnail","7":"category-historia","8":"category-vetenskap"},"featured_image_urls":{"full":["https:\/\/www.presidentofgalaxy.com\/wp-content\/uploads\/germanic-tribes.png",613,463,false],"thumbnail":["https:\/\/www.presidentofgalaxy.com\/wp-content\/uploads\/germanic-tribes-150x113.png",150,113,true],"medium":["https:\/\/www.presidentofgalaxy.com\/wp-content\/uploads\/germanic-tribes-300x227.png",300,227,true],"medium_large":["https:\/\/www.presidentofgalaxy.com\/wp-content\/uploads\/germanic-tribes.png",613,463,false],"large":["https:\/\/www.presidentofgalaxy.com\/wp-content\/uploads\/germanic-tribes.png",613,463,false],"1536x1536":["https:\/\/www.presidentofgalaxy.com\/wp-content\/uploads\/germanic-tribes.png",613,463,false],"2048x2048":["https:\/\/www.presidentofgalaxy.com\/wp-content\/uploads\/germanic-tribes.png",613,463,false],"trp-custom-language-flag":["https:\/\/www.presidentofgalaxy.com\/wp-content\/uploads\/germanic-tribes-16x12.png",16,12,true],"bunyad-small":["https:\/\/www.presidentofgalaxy.com\/wp-content\/uploads\/germanic-tribes.png",150,113,false],"bunyad-medium":["https:\/\/www.presidentofgalaxy.com\/wp-content\/uploads\/germanic-tribes.png",450,340,false],"bunyad-full":["https:\/\/www.presidentofgalaxy.com\/wp-content\/uploads\/germanic-tribes.png",613,463,false],"bunyad-viewport":["https:\/\/www.presidentofgalaxy.com\/wp-content\/uploads\/germanic-tribes.png",613,463,false],"bunyad-768":["https:\/\/www.presidentofgalaxy.com\/wp-content\/uploads\/germanic-tribes.png",613,463,false]},"author_info":{"display_name":"presidentofgalaxy.com","author_link":"https:\/\/www.presidentofgalaxy.com\/en\/author\/presidentofgalaxy-com\/"},"category_info":"<a href=\"https:\/\/www.presidentofgalaxy.com\/en\/history\/\" rel=\"category tag\">Historia<\/a> <a href=\"https:\/\/www.presidentofgalaxy.com\/en\/science\/\" rel=\"category tag\">Vetenskap<\/a>","tag_info":"Vetenskap","comment_count":"0","jetpack_featured_media_url":"https:\/\/www.presidentofgalaxy.com\/wp-content\/uploads\/germanic-tribes.png","_links":{"self":[{"href":"https:\/\/www.presidentofgalaxy.com\/en\/wp-json\/wp\/v2\/posts\/12143","targetHints":{"allow":["GET"]}}],"collection":[{"href":"https:\/\/www.presidentofgalaxy.com\/en\/wp-json\/wp\/v2\/posts"}],"about":[{"href":"https:\/\/www.presidentofgalaxy.com\/en\/wp-json\/wp\/v2\/types\/post"}],"author":[{"embeddable":true,"href":"https:\/\/www.presidentofgalaxy.com\/en\/wp-json\/wp\/v2\/users\/38"}],"replies":[{"embeddable":true,"href":"https:\/\/www.presidentofgalaxy.com\/en\/wp-json\/wp\/v2\/comments?post=12143"}],"version-history":[{"count":9,"href":"https:\/\/www.presidentofgalaxy.com\/en\/wp-json\/wp\/v2\/posts\/12143\/revisions"}],"predecessor-version":[{"id":12615,"href":"https:\/\/www.presidentofgalaxy.com\/en\/wp-json\/wp\/v2\/posts\/12143\/revisions\/12615"}],"wp:featuredmedia":[{"embeddable":true,"href":"https:\/\/www.presidentofgalaxy.com\/en\/wp-json\/wp\/v2\/media\/12145"}],"wp:attachment":[{"href":"https:\/\/www.presidentofgalaxy.com\/en\/wp-json\/wp\/v2\/media?parent=12143"}],"wp:term":[{"taxonomy":"category","embeddable":true,"href":"https:\/\/www.presidentofgalaxy.com\/en\/wp-json\/wp\/v2\/categories?post=12143"},{"taxonomy":"post_tag","embeddable":true,"href":"https:\/\/www.presidentofgalaxy.com\/en\/wp-json\/wp\/v2\/tags?post=12143"}],"curies":[{"name":"wp","href":"https:\/\/api.w.org\/{rel}","templated":true}]}}